{"id":7345,"date":"2023-11-05T15:48:36","date_gmt":"2023-11-05T14:48:36","guid":{"rendered":"http:\/\/lorrylesmetz-histoire.fr\/?p=7345"},"modified":"2023-11-05T15:48:36","modified_gmt":"2023-11-05T14:48:36","slug":"la-lorraine-terre-celte","status":"publish","type":"post","link":"http:\/\/lorrylesmetz-histoire.fr\/?p=7345","title":{"rendered":"La Lorraine, terre celte"},"content":{"rendered":"<p><span class=\"x193iq5w xeuugli x13faqbe x1vvkbs x1xmvt09 x1lliihq x1s928wv xhkezso x1gmr53x x1cpjm7i x1fgarty x1943h6x xudqn12 x3x7a5m x6prxxf xvq8zen xo1l8bm xzsf02u x1yc453h\" dir=\"auto\">En ces temps de Samain, une conf\u00e9rence \u00e0 ne pas rater de S\u00e9bastien Wagner qui nous parlera des temps tr\u00e8s anciens.<\/span><\/p>\n<p><a href=\"http:\/\/lorrylesmetz-histoire.fr\/wp-content\/uploads\/2023\/11\/CONF-CELTE.jpg\" target=\"_blank\" rel=\"noopener\"><img loading=\"lazy\" decoding=\"async\" class=\"alignnone size-medium wp-image-7341\" src=\"http:\/\/lorrylesmetz-histoire.fr\/wp-content\/uploads\/2023\/11\/CONF-CELTE-300x225.jpg\" alt=\"\" width=\"300\" height=\"225\" srcset=\"http:\/\/lorrylesmetz-histoire.fr\/wp-content\/uploads\/2023\/11\/CONF-CELTE-300x225.jpg 300w, http:\/\/lorrylesmetz-histoire.fr\/wp-content\/uploads\/2023\/11\/CONF-CELTE-768x576.jpg 768w, http:\/\/lorrylesmetz-histoire.fr\/wp-content\/uploads\/2023\/11\/CONF-CELTE.jpg 960w\" sizes=\"auto, (max-width: 300px) 100vw, 300px\" \/><\/a><\/p>\n","protected":false},"excerpt":{"rendered":"<p>En ces temps de Samain, une conf\u00e9rence \u00e0 ne pas rater de S\u00e9bastien Wagner qui nous parlera des temps tr\u00e8s anciens.<\/p>\n","protected":false},"author":1,"featured_media":0,"comment_status":"closed","ping_status":"closed","sticky":false,"template":"","format":"standard","meta":{"footnotes":""},"categories":[1],"tags":[],"class_list":["post-7345","post","type-post","status-publish","format-standard","hentry","category-non-classe"],"_links":{"self":[{"href":"http:\/\/lorrylesmetz-histoire.fr\/index.php?rest_route=\/wp\/v2\/posts\/7345","targetHints":{"allow":["GET"]}}],"collection":[{"href":"http:\/\/lorrylesmetz-histoire.fr\/index.php?rest_route=\/wp\/v2\/posts"}],"about":[{"href":"http:\/\/lorrylesmetz-histoire.fr\/index.php?rest_route=\/wp\/v2\/types\/post"}],"author":[{"embeddable":true,"href":"http:\/\/lorrylesmetz-histoire.fr\/index.php?rest_route=\/wp\/v2\/users\/1"}],"replies":[{"embeddable":true,"href":"http:\/\/lorrylesmetz-histoire.fr\/index.php?rest_route=%2Fwp%2Fv2%2Fcomments&post=7345"}],"version-history":[{"count":1,"href":"http:\/\/lorrylesmetz-histoire.fr\/index.php?rest_route=\/wp\/v2\/posts\/7345\/revisions"}],"predecessor-version":[{"id":7346,"href":"http:\/\/lorrylesmetz-histoire.fr\/index.php?rest_route=\/wp\/v2\/posts\/7345\/revisions\/7346"}],"wp:attachment":[{"href":"http:\/\/lorrylesmetz-histoire.fr\/index.php?rest_route=%2Fwp%2Fv2%2Fmedia&parent=7345"}],"wp:term":[{"taxonomy":"category","embeddable":true,"href":"http:\/\/lorrylesmetz-histoire.fr\/index.php?rest_route=%2Fwp%2Fv2%2Fcategories&post=7345"},{"taxonomy":"post_tag","embeddable":true,"href":"http:\/\/lorrylesmetz-histoire.fr\/index.php?rest_route=%2Fwp%2Fv2%2Ftags&post=7345"}],"curies":[{"name":"wp","href":"https:\/\/api.w.org\/{rel}","templated":true}]}}