{"id":7355,"date":"2023-12-18T10:17:56","date_gmt":"2023-12-18T09:17:56","guid":{"rendered":"http:\/\/lorrylesmetz-histoire.fr\/?p=7355"},"modified":"2023-12-18T10:17:56","modified_gmt":"2023-12-18T09:17:56","slug":"label-villes-et-pays-dart-et-dhistoire","status":"publish","type":"post","link":"http:\/\/lorrylesmetz-histoire.fr\/?p=7355","title":{"rendered":"Label Villes et pays d\u2019art et d\u2019histoire"},"content":{"rendered":"<h2 align=\"justify\">27 octobre 2023<\/h2>\n<p align=\"justify\">Mercredi 25 octobre 2023, Claudine Kester-ElGhozi, pr\u00e9sidente de Lorry-l\u00e8s-Metz \u00ab\u00a0au fil du temps\u00a0\u00bb et Jean-Luc Baudinet, membre de l\u2019association et Pr\u00e9sident du Conseil de fabrique avaient rendez-vous \u00e0 l\u2019\u00e9glise Saint-Cl\u00e9ment-Saint-Roch avec Val\u00e9rie Perrin concernant le projet de l\u2019Eurom\u00e9tropole de Metz d\u2019\u00e9tendre le label Villes et Pays d\u2019art et d\u2019histoire au territoire m\u00e9tropolitain.<\/p>\n<p align=\"justify\">L\u2019objectif \u00e9tait de faire le recensement du patrimoine remarquable du village\u00a0: \u00e9glise, maison des plaids annaux, linteaux, lavoirs, batteries\u2026 dont ont \u00e9t\u00e9 prises notes et photos.<\/p>\n<p align=\"justify\"><a name=\"_GoBack\"><\/a><span style=\"font-family: Times New Roman, serif;\">Re\u00e7ue ensuite au domicile de la pr\u00e9sidente, il a \u00e9t\u00e9 question de la valorisation du patrimoine et Val\u00e9rie Perrin a laiss\u00e9 plusieurs documents \u00e0 renseigner afin que l\u2019association contribue \u00e0 l\u2019enrichissement culturel du Pays Messin.<\/span><\/p>\n<p align=\"justify\"><a href=\"http:\/\/lorrylesmetz-histoire.fr\/wp-content\/uploads\/2023\/12\/A01.jpg\" target=\"_blank\" rel=\"noopener\"><img loading=\"lazy\" decoding=\"async\" class=\"size-medium wp-image-7353 aligncenter\" src=\"http:\/\/lorrylesmetz-histoire.fr\/wp-content\/uploads\/2023\/12\/A01-300x300.jpg\" alt=\"\" width=\"300\" height=\"300\" srcset=\"http:\/\/lorrylesmetz-histoire.fr\/wp-content\/uploads\/2023\/12\/A01-300x300.jpg 300w, http:\/\/lorrylesmetz-histoire.fr\/wp-content\/uploads\/2023\/12\/A01-150x150.jpg 150w, http:\/\/lorrylesmetz-histoire.fr\/wp-content\/uploads\/2023\/12\/A01-768x768.jpg 768w, http:\/\/lorrylesmetz-histoire.fr\/wp-content\/uploads\/2023\/12\/A01-230x230.jpg 230w, http:\/\/lorrylesmetz-histoire.fr\/wp-content\/uploads\/2023\/12\/A01.jpg 1000w\" sizes=\"auto, (max-width: 300px) 100vw, 300px\" \/><\/a><\/p>\n<p align=\"justify\"><a href=\"http:\/\/lorrylesmetz-histoire.fr\/wp-content\/uploads\/2023\/12\/A02.jpg\" target=\"_blank\" rel=\"noopener\"><img loading=\"lazy\" decoding=\"async\" class=\"size-medium wp-image-7354 aligncenter\" src=\"http:\/\/lorrylesmetz-histoire.fr\/wp-content\/uploads\/2023\/12\/A02-300x300.jpg\" alt=\"\" width=\"300\" height=\"300\" srcset=\"http:\/\/lorrylesmetz-histoire.fr\/wp-content\/uploads\/2023\/12\/A02-300x300.jpg 300w, http:\/\/lorrylesmetz-histoire.fr\/wp-content\/uploads\/2023\/12\/A02-150x150.jpg 150w, http:\/\/lorrylesmetz-histoire.fr\/wp-content\/uploads\/2023\/12\/A02-768x768.jpg 768w, http:\/\/lorrylesmetz-histoire.fr\/wp-content\/uploads\/2023\/12\/A02-230x230.jpg 230w, http:\/\/lorrylesmetz-histoire.fr\/wp-content\/uploads\/2023\/12\/A02.jpg 1000w\" sizes=\"auto, (max-width: 300px) 100vw, 300px\" \/><\/a><\/p>\n","protected":false},"excerpt":{"rendered":"<p>27 octobre 2023 Mercredi 25 octobre 2023, Claudine Kester-ElGhozi, pr\u00e9sidente de Lorry-l\u00e8s-Metz \u00ab\u00a0au fil du temps\u00a0\u00bb et Jean-Luc Baudinet, membre de l\u2019association et Pr\u00e9sident du Conseil de fabrique avaient rendez-vous \u00e0 l\u2019\u00e9glise Saint-Cl\u00e9ment-Saint-Roch avec Val\u00e9rie Perrin concernant le projet de&hellip; <\/p>\n","protected":false},"author":1,"featured_media":0,"comment_status":"closed","ping_status":"closed","sticky":false,"template":"","format":"standard","meta":{"footnotes":""},"categories":[1],"tags":[],"class_list":["post-7355","post","type-post","status-publish","format-standard","hentry","category-non-classe"],"_links":{"self":[{"href":"http:\/\/lorrylesmetz-histoire.fr\/index.php?rest_route=\/wp\/v2\/posts\/7355","targetHints":{"allow":["GET"]}}],"collection":[{"href":"http:\/\/lorrylesmetz-histoire.fr\/index.php?rest_route=\/wp\/v2\/posts"}],"about":[{"href":"http:\/\/lorrylesmetz-histoire.fr\/index.php?rest_route=\/wp\/v2\/types\/post"}],"author":[{"embeddable":true,"href":"http:\/\/lorrylesmetz-histoire.fr\/index.php?rest_route=\/wp\/v2\/users\/1"}],"replies":[{"embeddable":true,"href":"http:\/\/lorrylesmetz-histoire.fr\/index.php?rest_route=%2Fwp%2Fv2%2Fcomments&post=7355"}],"version-history":[{"count":2,"href":"http:\/\/lorrylesmetz-histoire.fr\/index.php?rest_route=\/wp\/v2\/posts\/7355\/revisions"}],"predecessor-version":[{"id":7357,"href":"http:\/\/lorrylesmetz-histoire.fr\/index.php?rest_route=\/wp\/v2\/posts\/7355\/revisions\/7357"}],"wp:attachment":[{"href":"http:\/\/lorrylesmetz-histoire.fr\/index.php?rest_route=%2Fwp%2Fv2%2Fmedia&parent=7355"}],"wp:term":[{"taxonomy":"category","embeddable":true,"href":"http:\/\/lorrylesmetz-histoire.fr\/index.php?rest_route=%2Fwp%2Fv2%2Fcategories&post=7355"},{"taxonomy":"post_tag","embeddable":true,"href":"http:\/\/lorrylesmetz-histoire.fr\/index.php?rest_route=%2Fwp%2Fv2%2Ftags&post=7355"}],"curies":[{"name":"wp","href":"https:\/\/api.w.org\/{rel}","templated":true}]}}